{"id":109,"date":"2015-11-07T18:38:34","date_gmt":"2015-11-07T17:38:34","guid":{"rendered":"http:\/\/www.senteurs-et-couleurs-du-souk.fr\/blog\/?p=109"},"modified":"2019-02-27T00:17:01","modified_gmt":"2019-02-26T23:17:01","slug":"100-mentions-jaime-sur-facebook","status":"publish","type":"post","link":"https:\/\/www.senteurs-et-couleurs-du-souk.fr\/blog\/100-mentions-jaime-sur-facebook\/","title":{"rendered":"+100 J\u2019aime sur Facebook !"},"content":{"rendered":"<h2>Novembre 2015, d\u00e9j\u00e0 plus de 100 J\u2019aime pour Senteurs et Couleurs du Souk, c&rsquo;est gr\u00e2ce \u00e0 vous tous !<\/h2>\n<p>Nous comptons sur vous pour continuer \u00e0 partager notre page aupr\u00e8s de vos amis et faire conna\u00eetre notre site<\/p>\n<p>Merci pour votre soutien et votre fid\u00e9lit\u00e9.<\/p>\n","protected":false},"excerpt":{"rendered":"<p>Novembre 2015, d\u00e9j\u00e0 plus de 100 J\u2019aime pour Senteurs et Couleurs du Souk, c&rsquo;est gr\u00e2ce \u00e0 vous tous ! Nous comptons sur vous pour continuer \u00e0 partager notre page aupr\u00e8s de vos amis et faire conna\u00eetre notre site Merci pour votre soutien et votre fid\u00e9lit\u00e9.<\/p>\n","protected":false},"author":1,"featured_media":772,"comment_status":"open","ping_status":"open","sticky":false,"template":"","format":"standard","meta":{"jetpack_post_was_ever_published":false,"_jetpack_newsletter_access":"","_jetpack_dont_email_post_to_subs":true,"_jetpack_newsletter_tier_id":0,"_jetpack_memberships_contains_paywalled_content":false,"_jetpack_memberships_contains_paid_content":false,"footnotes":""},"categories":[1],"tags":[],"yoast_head":"<!-- This site is optimized with the Yoast SEO plugin v20.4 - https:\/\/yoast.com\/wordpress\/plugins\/seo\/ -->\n<title>+100 J\u2019aime sur Facebook ! - Le blog Senteurs et Couleurs du Souk<\/title>\n<meta name=\"description\" content=\"Novembre 2015, d\u00e9j\u00e0 plus de 100 mentions J\u2019aime sur facebook pour Senteurs et Couleurs du Souk, c&#039;est gr\u00e2ce \u00e0 vous tous !\" \/>\n<meta name=\"robots\" content=\"index, follow, max-snippet:-1, max-image-preview:large, max-video-preview:-1\" \/>\n<link rel=\"canonical\" href=\"https:\/\/www.senteurs-et-couleurs-du-souk.fr\/blog\/100-mentions-jaime-sur-facebook\/\" \/>\n<meta property=\"og:locale\" content=\"fr_FR\" \/>\n<meta property=\"og:type\" content=\"article\" \/>\n<meta property=\"og:title\" content=\"+100 J\u2019aime sur Facebook ! - Le blog Senteurs et Couleurs du Souk\" \/>\n<meta property=\"og:description\" content=\"Novembre 2015, d\u00e9j\u00e0 plus de 100 mentions J\u2019aime sur facebook pour Senteurs et Couleurs du Souk, c&#039;est gr\u00e2ce \u00e0 vous tous !\" \/>\n<meta property=\"og:url\" content=\"https:\/\/www.senteurs-et-couleurs-du-souk.fr\/blog\/100-mentions-jaime-sur-facebook\/\" \/>\n<meta property=\"og:site_name\" content=\"Le blog Senteurs et Couleurs du Souk\" \/>\n<meta property=\"article:published_time\" content=\"2015-11-07T17:38:34+00:00\" \/>\n<meta property=\"article:modified_time\" content=\"2019-02-26T23:17:01+00:00\" \/>\n<meta property=\"og:image\" content=\"https:\/\/i1.wp.com\/www.senteurs-et-couleurs-du-souk.fr\/blog\/wp-content\/uploads\/2019\/02\/100-jaime-facebook.jpg?fit=1200%2C400&ssl=1\" \/>\n\t<meta property=\"og:image:width\" content=\"1200\" \/>\n\t<meta property=\"og:image:height\" content=\"400\" \/>\n\t<meta property=\"og:image:type\" content=\"image\/jpeg\" \/>\n<meta name=\"author\" content=\"Senteurs et Couleurs\" \/>\n<meta name=\"twitter:card\" content=\"summary_large_image\" \/>\n<meta name=\"twitter:label1\" content=\"\u00c9crit par\" \/>\n\t<meta name=\"twitter:data1\" content=\"Senteurs et Couleurs\" \/>\n<script type=\"application\/ld+json\" class=\"yoast-schema-graph\">{\"@context\":\"https:\/\/schema.org\",\"@graph\":[{\"@type\":\"WebPage\",\"@id\":\"https:\/\/www.senteurs-et-couleurs-du-souk.fr\/blog\/100-mentions-jaime-sur-facebook\/\",\"url\":\"https:\/\/www.senteurs-et-couleurs-du-souk.fr\/blog\/100-mentions-jaime-sur-facebook\/\",\"name\":\"+100 J\u2019aime sur Facebook ! - Le blog Senteurs et Couleurs du Souk\",\"isPartOf\":{\"@id\":\"https:\/\/www.senteurs-et-couleurs-du-souk.fr\/blog\/#website\"},\"datePublished\":\"2015-11-07T17:38:34+00:00\",\"dateModified\":\"2019-02-26T23:17:01+00:00\",\"author\":{\"@id\":\"https:\/\/www.senteurs-et-couleurs-du-souk.fr\/blog\/#\/schema\/person\/51bb7980febdf107417a5bbfdde67ced\"},\"description\":\"Novembre 2015, d\u00e9j\u00e0 plus de 100 mentions J\u2019aime sur facebook pour Senteurs et Couleurs du Souk, c'est gr\u00e2ce \u00e0 vous tous !\",\"breadcrumb\":{\"@id\":\"https:\/\/www.senteurs-et-couleurs-du-souk.fr\/blog\/100-mentions-jaime-sur-facebook\/#breadcrumb\"},\"inLanguage\":\"fr-FR\",\"potentialAction\":[{\"@type\":\"ReadAction\",\"target\":[\"https:\/\/www.senteurs-et-couleurs-du-souk.fr\/blog\/100-mentions-jaime-sur-facebook\/\"]}]},{\"@type\":\"BreadcrumbList\",\"@id\":\"https:\/\/www.senteurs-et-couleurs-du-souk.fr\/blog\/100-mentions-jaime-sur-facebook\/#breadcrumb\",\"itemListElement\":[{\"@type\":\"ListItem\",\"position\":1,\"name\":\"Accueil\",\"item\":\"https:\/\/www.senteurs-et-couleurs-du-souk.fr\/blog\/\"},{\"@type\":\"ListItem\",\"position\":2,\"name\":\"+100 J\u2019aime sur Facebook !\"}]},{\"@type\":\"WebSite\",\"@id\":\"https:\/\/www.senteurs-et-couleurs-du-souk.fr\/blog\/#website\",\"url\":\"https:\/\/www.senteurs-et-couleurs-du-souk.fr\/blog\/\",\"name\":\"Le blog Senteurs et Couleurs du Souk\",\"description\":\"Artisanat du monde et cosm\u00e9tiques bio, Senteurs et Couleurs du Souk\",\"potentialAction\":[{\"@type\":\"SearchAction\",\"target\":{\"@type\":\"EntryPoint\",\"urlTemplate\":\"https:\/\/www.senteurs-et-couleurs-du-souk.fr\/blog\/?s={search_term_string}\"},\"query-input\":\"required name=search_term_string\"}],\"inLanguage\":\"fr-FR\"},{\"@type\":\"Person\",\"@id\":\"https:\/\/www.senteurs-et-couleurs-du-souk.fr\/blog\/#\/schema\/person\/51bb7980febdf107417a5bbfdde67ced\",\"name\":\"Senteurs et Couleurs\",\"image\":{\"@type\":\"ImageObject\",\"inLanguage\":\"fr-FR\",\"@id\":\"https:\/\/www.senteurs-et-couleurs-du-souk.fr\/blog\/#\/schema\/person\/image\/\",\"url\":\"https:\/\/secure.gravatar.com\/avatar\/cc255340b71a5cc926bf7dbdbf6979e6?s=96&d=mm&r=g\",\"contentUrl\":\"https:\/\/secure.gravatar.com\/avatar\/cc255340b71a5cc926bf7dbdbf6979e6?s=96&d=mm&r=g\",\"caption\":\"Senteurs et Couleurs\"},\"sameAs\":[\"https:\/\/www.senteurs-et-couleurs-du-souk.fr\"],\"url\":\"https:\/\/www.senteurs-et-couleurs-du-souk.fr\/blog\/author\/crisoukarno\/\"}]}<\/script>\n<!-- \/ Yoast SEO plugin. -->","yoast_head_json":{"title":"+100 J\u2019aime sur Facebook ! - Le blog Senteurs et Couleurs du Souk","description":"Novembre 2015, d\u00e9j\u00e0 plus de 100 mentions J\u2019aime sur facebook pour Senteurs et Couleurs du Souk, c'est gr\u00e2ce \u00e0 vous tous !","robots":{"index":"index","follow":"follow","max-snippet":"max-snippet:-1","max-image-preview":"max-image-preview:large","max-video-preview":"max-video-preview:-1"},"canonical":"https:\/\/www.senteurs-et-couleurs-du-souk.fr\/blog\/100-mentions-jaime-sur-facebook\/","og_locale":"fr_FR","og_type":"article","og_title":"+100 J\u2019aime sur Facebook ! - Le blog Senteurs et Couleurs du Souk","og_description":"Novembre 2015, d\u00e9j\u00e0 plus de 100 mentions J\u2019aime sur facebook pour Senteurs et Couleurs du Souk, c'est gr\u00e2ce \u00e0 vous tous !","og_url":"https:\/\/www.senteurs-et-couleurs-du-souk.fr\/blog\/100-mentions-jaime-sur-facebook\/","og_site_name":"Le blog Senteurs et Couleurs du Souk","article_published_time":"2015-11-07T17:38:34+00:00","article_modified_time":"2019-02-26T23:17:01+00:00","og_image":[{"width":1200,"height":400,"url":"https:\/\/i1.wp.com\/www.senteurs-et-couleurs-du-souk.fr\/blog\/wp-content\/uploads\/2019\/02\/100-jaime-facebook.jpg?fit=1200%2C400&ssl=1","type":"image\/jpeg"}],"author":"Senteurs et Couleurs","twitter_card":"summary_large_image","twitter_misc":{"\u00c9crit par":"Senteurs et Couleurs"},"schema":{"@context":"https:\/\/schema.org","@graph":[{"@type":"WebPage","@id":"https:\/\/www.senteurs-et-couleurs-du-souk.fr\/blog\/100-mentions-jaime-sur-facebook\/","url":"https:\/\/www.senteurs-et-couleurs-du-souk.fr\/blog\/100-mentions-jaime-sur-facebook\/","name":"+100 J\u2019aime sur Facebook ! - Le blog Senteurs et Couleurs du Souk","isPartOf":{"@id":"https:\/\/www.senteurs-et-couleurs-du-souk.fr\/blog\/#website"},"datePublished":"2015-11-07T17:38:34+00:00","dateModified":"2019-02-26T23:17:01+00:00","author":{"@id":"https:\/\/www.senteurs-et-couleurs-du-souk.fr\/blog\/#\/schema\/person\/51bb7980febdf107417a5bbfdde67ced"},"description":"Novembre 2015, d\u00e9j\u00e0 plus de 100 mentions J\u2019aime sur facebook pour Senteurs et Couleurs du Souk, c'est gr\u00e2ce \u00e0 vous tous !","breadcrumb":{"@id":"https:\/\/www.senteurs-et-couleurs-du-souk.fr\/blog\/100-mentions-jaime-sur-facebook\/#breadcrumb"},"inLanguage":"fr-FR","potentialAction":[{"@type":"ReadAction","target":["https:\/\/www.senteurs-et-couleurs-du-souk.fr\/blog\/100-mentions-jaime-sur-facebook\/"]}]},{"@type":"BreadcrumbList","@id":"https:\/\/www.senteurs-et-couleurs-du-souk.fr\/blog\/100-mentions-jaime-sur-facebook\/#breadcrumb","itemListElement":[{"@type":"ListItem","position":1,"name":"Accueil","item":"https:\/\/www.senteurs-et-couleurs-du-souk.fr\/blog\/"},{"@type":"ListItem","position":2,"name":"+100 J\u2019aime sur Facebook !"}]},{"@type":"WebSite","@id":"https:\/\/www.senteurs-et-couleurs-du-souk.fr\/blog\/#website","url":"https:\/\/www.senteurs-et-couleurs-du-souk.fr\/blog\/","name":"Le blog Senteurs et Couleurs du Souk","description":"Artisanat du monde et cosm\u00e9tiques bio, Senteurs et Couleurs du Souk","potentialAction":[{"@type":"SearchAction","target":{"@type":"EntryPoint","urlTemplate":"https:\/\/www.senteurs-et-couleurs-du-souk.fr\/blog\/?s={search_term_string}"},"query-input":"required name=search_term_string"}],"inLanguage":"fr-FR"},{"@type":"Person","@id":"https:\/\/www.senteurs-et-couleurs-du-souk.fr\/blog\/#\/schema\/person\/51bb7980febdf107417a5bbfdde67ced","name":"Senteurs et Couleurs","image":{"@type":"ImageObject","inLanguage":"fr-FR","@id":"https:\/\/www.senteurs-et-couleurs-du-souk.fr\/blog\/#\/schema\/person\/image\/","url":"https:\/\/secure.gravatar.com\/avatar\/cc255340b71a5cc926bf7dbdbf6979e6?s=96&d=mm&r=g","contentUrl":"https:\/\/secure.gravatar.com\/avatar\/cc255340b71a5cc926bf7dbdbf6979e6?s=96&d=mm&r=g","caption":"Senteurs et Couleurs"},"sameAs":["https:\/\/www.senteurs-et-couleurs-du-souk.fr"],"url":"https:\/\/www.senteurs-et-couleurs-du-souk.fr\/blog\/author\/crisoukarno\/"}]}},"jetpack_featured_media_url":"https:\/\/www.senteurs-et-couleurs-du-souk.fr\/blog\/wp-content\/uploads\/2019\/02\/100-jaime-facebook.jpg","jetpack_sharing_enabled":true,"amp_enabled":true,"_links":{"self":[{"href":"https:\/\/www.senteurs-et-couleurs-du-souk.fr\/blog\/wp-json\/wp\/v2\/posts\/109"}],"collection":[{"href":"https:\/\/www.senteurs-et-couleurs-du-souk.fr\/blog\/wp-json\/wp\/v2\/posts"}],"about":[{"href":"https:\/\/www.senteurs-et-couleurs-du-souk.fr\/blog\/wp-json\/wp\/v2\/types\/post"}],"author":[{"embeddable":true,"href":"https:\/\/www.senteurs-et-couleurs-du-souk.fr\/blog\/wp-json\/wp\/v2\/users\/1"}],"replies":[{"embeddable":true,"href":"https:\/\/www.senteurs-et-couleurs-du-souk.fr\/blog\/wp-json\/wp\/v2\/comments?post=109"}],"version-history":[{"count":0,"href":"https:\/\/www.senteurs-et-couleurs-du-souk.fr\/blog\/wp-json\/wp\/v2\/posts\/109\/revisions"}],"wp:featuredmedia":[{"embeddable":true,"href":"https:\/\/www.senteurs-et-couleurs-du-souk.fr\/blog\/wp-json\/wp\/v2\/media\/772"}],"wp:attachment":[{"href":"https:\/\/www.senteurs-et-couleurs-du-souk.fr\/blog\/wp-json\/wp\/v2\/media?parent=109"}],"wp:term":[{"taxonomy":"category","embeddable":true,"href":"https:\/\/www.senteurs-et-couleurs-du-souk.fr\/blog\/wp-json\/wp\/v2\/categories?post=109"},{"taxonomy":"post_tag","embeddable":true,"href":"https:\/\/www.senteurs-et-couleurs-du-souk.fr\/blog\/wp-json\/wp\/v2\/tags?post=109"}],"curies":[{"name":"wp","href":"https:\/\/api.w.org\/{rel}","templated":true}]}}