{"id":400,"date":"2016-05-08T22:13:55","date_gmt":"2016-05-08T21:13:55","guid":{"rendered":"https:\/\/www.senteurs-et-couleurs-du-souk.fr\/blog\/?p=400"},"modified":"2018-04-01T13:27:11","modified_gmt":"2018-04-01T12:27:11","slug":"la-medina-essaouira","status":"publish","type":"post","link":"https:\/\/www.senteurs-et-couleurs-du-souk.fr\/blog\/la-medina-essaouira\/","title":{"rendered":"La m\u00e9dina d&rsquo;Essaouira"},"content":{"rendered":"<h2>Une galerie photo de la m\u00e9dina d&rsquo;Essaouira<\/h2>\n<p>D\u00e9couvrez \u00e0 travers ces images le c\u0153ur historique de la ville : boutiques, \u00e9choppes, sc\u00e8nes de rue, ruelles et portes traditionnelles.<!--more--><\/p>\n<div data-carousel-extra='{\"blog_id\":1,\"permalink\":\"https:\\\/\\\/www.senteurs-et-couleurs-du-souk.fr\\\/blog\\\/la-medina-essaouira\\\/\"}' id='gallery-1' class='gallery galleryid-400 gallery-columns-3 gallery-size-medium'><figure class='gallery-item'>\n\t\t\t<div class='gallery-icon landscape'>\n\t\t\t\t<a href='https:\/\/www.senteurs-et-couleurs-du-souk.fr\/blog\/wp-content\/uploads\/2016\/05\/essaouira-remparts-de-la-medina.jpg'><img loading=\"lazy\" decoding=\"async\" width=\"300\" height=\"200\" src=\"https:\/\/www.senteurs-et-couleurs-du-souk.fr\/blog\/wp-content\/uploads\/2016\/05\/essaouira-remparts-de-la-medina-300x200.jpg\" class=\"attachment-medium size-medium\" alt=\"Essaouira, les remparts de la m\u00e9dina, Maroc - 2016\" aria-describedby=\"gallery-1-391\" srcset=\"https:\/\/www.senteurs-et-couleurs-du-souk.fr\/blog\/wp-content\/uploads\/2016\/05\/essaouira-remparts-de-la-medina-300x200.jpg 300w, https:\/\/www.senteurs-et-couleurs-du-souk.fr\/blog\/wp-content\/uploads\/2016\/05\/essaouira-remparts-de-la-medina-768x512.jpg 768w, https:\/\/www.senteurs-et-couleurs-du-souk.fr\/blog\/wp-content\/uploads\/2016\/05\/essaouira-remparts-de-la-medina.jpg 800w\" sizes=\"(max-width: 300px) 100vw, 300px\" data-attachment-id=\"391\" data-permalink=\"https:\/\/www.senteurs-et-couleurs-du-souk.fr\/blog\/la-medina-essaouira\/essaouira-remparts-de-la-medina\/\" data-orig-file=\"https:\/\/www.senteurs-et-couleurs-du-souk.fr\/blog\/wp-content\/uploads\/2016\/05\/essaouira-remparts-de-la-medina.jpg\" data-orig-size=\"800,533\" data-comments-opened=\"1\" data-image-meta=\"{&quot;aperture&quot;:&quot;0&quot;,&quot;credit&quot;:&quot;&quot;,&quot;camera&quot;:&quot;&quot;,&quot;caption&quot;:&quot;&quot;,&quot;created_timestamp&quot;:&quot;0&quot;,&quot;copyright&quot;:&quot;&quot;,&quot;focal_length&quot;:&quot;0&quot;,&quot;iso&quot;:&quot;0&quot;,&quot;shutter_speed&quot;:&quot;0&quot;,&quot;title&quot;:&quot;&quot;,&quot;orientation&quot;:&quot;0&quot;}\" data-image-title=\"Essaouira, les remparts de la m\u00e9dina, Maroc\" data-image-description=\"&lt;p&gt;Essaouira, les remparts de la m\u00e9dina, Maroc &#8211; 2016 &lt;\/p&gt;\n\" data-image-caption=\"&lt;p&gt;Essaouira, les remparts de la m\u00e9dina&lt;\/p&gt;\n\" data-medium-file=\"https:\/\/www.senteurs-et-couleurs-du-souk.fr\/blog\/wp-content\/uploads\/2016\/05\/essaouira-remparts-de-la-medina-300x200.jpg\" data-large-file=\"https:\/\/www.senteurs-et-couleurs-du-souk.fr\/blog\/wp-content\/uploads\/2016\/05\/essaouira-remparts-de-la-medina.jpg\" \/><\/a>\n\t\t\t<\/div>\n\t\t\t\t<figcaption class='wp-caption-text gallery-caption' id='gallery-1-391'>\n\t\t\t\tEssaouira, les remparts de la m\u00e9dina\n\t\t\t\t<\/figcaption><\/figure><figure class='gallery-item'>\n\t\t\t<div class='gallery-icon portrait'>\n\t\t\t\t<a href='https:\/\/www.senteurs-et-couleurs-du-souk.fr\/blog\/wp-content\/uploads\/2016\/05\/ruelle-et-porte-medina-essaouira.jpg'><img loading=\"lazy\" decoding=\"async\" width=\"200\" height=\"300\" src=\"https:\/\/www.senteurs-et-couleurs-du-souk.fr\/blog\/wp-content\/uploads\/2016\/05\/ruelle-et-porte-medina-essaouira-200x300.jpg\" class=\"attachment-medium size-medium\" alt=\"Portes et ruelles de la m\u00e9dina d&#039;Essaouira, Maroc - 2016\" aria-describedby=\"gallery-1-398\" srcset=\"https:\/\/www.senteurs-et-couleurs-du-souk.fr\/blog\/wp-content\/uploads\/2016\/05\/ruelle-et-porte-medina-essaouira-200x300.jpg 200w, https:\/\/www.senteurs-et-couleurs-du-souk.fr\/blog\/wp-content\/uploads\/2016\/05\/ruelle-et-porte-medina-essaouira.jpg 356w\" sizes=\"(max-width: 200px) 100vw, 200px\" data-attachment-id=\"398\" data-permalink=\"https:\/\/www.senteurs-et-couleurs-du-souk.fr\/blog\/la-medina-essaouira\/ruelle-et-porte-medina-essaouira\/\" data-orig-file=\"https:\/\/www.senteurs-et-couleurs-du-souk.fr\/blog\/wp-content\/uploads\/2016\/05\/ruelle-et-porte-medina-essaouira.jpg\" data-orig-size=\"356,533\" data-comments-opened=\"1\" data-image-meta=\"{&quot;aperture&quot;:&quot;0&quot;,&quot;credit&quot;:&quot;&quot;,&quot;camera&quot;:&quot;&quot;,&quot;caption&quot;:&quot;&quot;,&quot;created_timestamp&quot;:&quot;0&quot;,&quot;copyright&quot;:&quot;&quot;,&quot;focal_length&quot;:&quot;0&quot;,&quot;iso&quot;:&quot;0&quot;,&quot;shutter_speed&quot;:&quot;0&quot;,&quot;title&quot;:&quot;&quot;,&quot;orientation&quot;:&quot;0&quot;}\" data-image-title=\"Portes et ruelles de la m\u00e9dina d&amp;rsquo;Essaouira, Maroc\" data-image-description=\"&lt;p&gt;Portes et ruelles de la m\u00e9dina d&amp;rsquo;Essaouira, Maroc &#8211; 2016&lt;\/p&gt;\n\" data-image-caption=\"&lt;p&gt;Portes et ruelles de la m\u00e9dina d&amp;rsquo;Essaouira&lt;\/p&gt;\n\" data-medium-file=\"https:\/\/www.senteurs-et-couleurs-du-souk.fr\/blog\/wp-content\/uploads\/2016\/05\/ruelle-et-porte-medina-essaouira-200x300.jpg\" data-large-file=\"https:\/\/www.senteurs-et-couleurs-du-souk.fr\/blog\/wp-content\/uploads\/2016\/05\/ruelle-et-porte-medina-essaouira.jpg\" \/><\/a>\n\t\t\t<\/div>\n\t\t\t\t<figcaption class='wp-caption-text gallery-caption' id='gallery-1-398'>\n\t\t\t\tPortes et ruelles de la m\u00e9dina d&rsquo;Essaouira\n\t\t\t\t<\/figcaption><\/figure><figure class='gallery-item'>\n\t\t\t<div class='gallery-icon portrait'>\n\t\t\t\t<a href='https:\/\/www.senteurs-et-couleurs-du-souk.fr\/blog\/wp-content\/uploads\/2016\/05\/impasse-medina-essaouira.jpg'><img loading=\"lazy\" decoding=\"async\" width=\"200\" height=\"300\" src=\"https:\/\/www.senteurs-et-couleurs-du-souk.fr\/blog\/wp-content\/uploads\/2016\/05\/impasse-medina-essaouira-200x300.jpg\" class=\"attachment-medium size-medium\" alt=\"Une impasse dans les ruelles d&#039;Essaouira, Maroc - 2016\" aria-describedby=\"gallery-1-392\" srcset=\"https:\/\/www.senteurs-et-couleurs-du-souk.fr\/blog\/wp-content\/uploads\/2016\/05\/impasse-medina-essaouira-200x300.jpg 200w, https:\/\/www.senteurs-et-couleurs-du-souk.fr\/blog\/wp-content\/uploads\/2016\/05\/impasse-medina-essaouira.jpg 356w\" sizes=\"(max-width: 200px) 100vw, 200px\" data-attachment-id=\"392\" data-permalink=\"https:\/\/www.senteurs-et-couleurs-du-souk.fr\/blog\/la-medina-essaouira\/impasse-medina-essaouira\/\" data-orig-file=\"https:\/\/www.senteurs-et-couleurs-du-souk.fr\/blog\/wp-content\/uploads\/2016\/05\/impasse-medina-essaouira.jpg\" data-orig-size=\"356,533\" data-comments-opened=\"1\" data-image-meta=\"{&quot;aperture&quot;:&quot;0&quot;,&quot;credit&quot;:&quot;&quot;,&quot;camera&quot;:&quot;&quot;,&quot;caption&quot;:&quot;&quot;,&quot;created_timestamp&quot;:&quot;0&quot;,&quot;copyright&quot;:&quot;&quot;,&quot;focal_length&quot;:&quot;0&quot;,&quot;iso&quot;:&quot;0&quot;,&quot;shutter_speed&quot;:&quot;0&quot;,&quot;title&quot;:&quot;&quot;,&quot;orientation&quot;:&quot;0&quot;}\" data-image-title=\"Une impasse dans les ruelles d&amp;rsquo;Essaouira, Maroc\" data-image-description=\"&lt;p&gt;Une impasse dans les ruelles d&amp;rsquo;Essaouira, Maroc &#8211; 2016 &lt;\/p&gt;\n\" data-image-caption=\"&lt;p&gt;Une impasse dans les ruelles d&amp;rsquo;Essaouira&lt;\/p&gt;\n\" data-medium-file=\"https:\/\/www.senteurs-et-couleurs-du-souk.fr\/blog\/wp-content\/uploads\/2016\/05\/impasse-medina-essaouira-200x300.jpg\" data-large-file=\"https:\/\/www.senteurs-et-couleurs-du-souk.fr\/blog\/wp-content\/uploads\/2016\/05\/impasse-medina-essaouira.jpg\" \/><\/a>\n\t\t\t<\/div>\n\t\t\t\t<figcaption class='wp-caption-text gallery-caption' id='gallery-1-392'>\n\t\t\t\tUne impasse dans les ruelles d&rsquo;Essaouira\n\t\t\t\t<\/figcaption><\/figure><figure class='gallery-item'>\n\t\t\t<div class='gallery-icon portrait'>\n\t\t\t\t<a href='https:\/\/www.senteurs-et-couleurs-du-souk.fr\/blog\/wp-content\/uploads\/2016\/05\/porche-boutique-epices-essaouira.jpg'><img loading=\"lazy\" decoding=\"async\" width=\"200\" height=\"300\" src=\"https:\/\/www.senteurs-et-couleurs-du-souk.fr\/blog\/wp-content\/uploads\/2016\/05\/porche-boutique-epices-essaouira-200x300.jpg\" class=\"attachment-medium size-medium\" alt=\"Boutique d&#039;\u00e9pices au d\u00e9tour d&#039;un porche, Essaouira, Maroc- 2016\" aria-describedby=\"gallery-1-394\" srcset=\"https:\/\/www.senteurs-et-couleurs-du-souk.fr\/blog\/wp-content\/uploads\/2016\/05\/porche-boutique-epices-essaouira-200x300.jpg 200w, https:\/\/www.senteurs-et-couleurs-du-souk.fr\/blog\/wp-content\/uploads\/2016\/05\/porche-boutique-epices-essaouira.jpg 356w\" sizes=\"(max-width: 200px) 100vw, 200px\" data-attachment-id=\"394\" data-permalink=\"https:\/\/www.senteurs-et-couleurs-du-souk.fr\/blog\/la-medina-essaouira\/porche-boutique-epices-essaouira\/\" data-orig-file=\"https:\/\/www.senteurs-et-couleurs-du-souk.fr\/blog\/wp-content\/uploads\/2016\/05\/porche-boutique-epices-essaouira.jpg\" data-orig-size=\"356,533\" data-comments-opened=\"1\" data-image-meta=\"{&quot;aperture&quot;:&quot;0&quot;,&quot;credit&quot;:&quot;&quot;,&quot;camera&quot;:&quot;&quot;,&quot;caption&quot;:&quot;&quot;,&quot;created_timestamp&quot;:&quot;0&quot;,&quot;copyright&quot;:&quot;&quot;,&quot;focal_length&quot;:&quot;0&quot;,&quot;iso&quot;:&quot;0&quot;,&quot;shutter_speed&quot;:&quot;0&quot;,&quot;title&quot;:&quot;&quot;,&quot;orientation&quot;:&quot;0&quot;}\" data-image-title=\"Boutique d&amp;rsquo;\u00e9pices au d\u00e9tour d&amp;rsquo;un porche, Essaouira, Maroc\" data-image-description=\"&lt;p&gt;Boutique d&amp;rsquo;\u00e9pices au d\u00e9tour d&amp;rsquo;un porche, Essaouira, Maroc- 2016&lt;\/p&gt;\n\" data-image-caption=\"&lt;p&gt;Boutique d&amp;rsquo;\u00e9pices au d\u00e9tour d&amp;rsquo;un porche, Essaouira&lt;\/p&gt;\n\" data-medium-file=\"https:\/\/www.senteurs-et-couleurs-du-souk.fr\/blog\/wp-content\/uploads\/2016\/05\/porche-boutique-epices-essaouira-200x300.jpg\" data-large-file=\"https:\/\/www.senteurs-et-couleurs-du-souk.fr\/blog\/wp-content\/uploads\/2016\/05\/porche-boutique-epices-essaouira.jpg\" \/><\/a>\n\t\t\t<\/div>\n\t\t\t\t<figcaption class='wp-caption-text gallery-caption' id='gallery-1-394'>\n\t\t\t\tBoutique d&rsquo;\u00e9pices au d\u00e9tour d&rsquo;un porche, Essaouira\n\t\t\t\t<\/figcaption><\/figure><figure class='gallery-item'>\n\t\t\t<div class='gallery-icon landscape'>\n\t\t\t\t<a href='https:\/\/www.senteurs-et-couleurs-du-souk.fr\/blog\/wp-content\/uploads\/2016\/05\/scene-de-rue-boucherie-essaouira.jpg'><img loading=\"lazy\" decoding=\"async\" width=\"300\" height=\"200\" src=\"https:\/\/www.senteurs-et-couleurs-du-souk.fr\/blog\/wp-content\/uploads\/2016\/05\/scene-de-rue-boucherie-essaouira-300x200.jpg\" class=\"attachment-medium size-medium\" alt=\"Boucherie dans les rues de la m\u00e9dina d&#039;Essaouira, Maroc - 2016\" aria-describedby=\"gallery-1-399\" srcset=\"https:\/\/www.senteurs-et-couleurs-du-souk.fr\/blog\/wp-content\/uploads\/2016\/05\/scene-de-rue-boucherie-essaouira-300x200.jpg 300w, https:\/\/www.senteurs-et-couleurs-du-souk.fr\/blog\/wp-content\/uploads\/2016\/05\/scene-de-rue-boucherie-essaouira-768x512.jpg 768w, https:\/\/www.senteurs-et-couleurs-du-souk.fr\/blog\/wp-content\/uploads\/2016\/05\/scene-de-rue-boucherie-essaouira.jpg 800w\" sizes=\"(max-width: 300px) 100vw, 300px\" data-attachment-id=\"399\" data-permalink=\"https:\/\/www.senteurs-et-couleurs-du-souk.fr\/blog\/la-medina-essaouira\/scene-de-rue-boucherie-essaouira\/\" data-orig-file=\"https:\/\/www.senteurs-et-couleurs-du-souk.fr\/blog\/wp-content\/uploads\/2016\/05\/scene-de-rue-boucherie-essaouira.jpg\" data-orig-size=\"800,533\" data-comments-opened=\"1\" data-image-meta=\"{&quot;aperture&quot;:&quot;0&quot;,&quot;credit&quot;:&quot;&quot;,&quot;camera&quot;:&quot;&quot;,&quot;caption&quot;:&quot;&quot;,&quot;created_timestamp&quot;:&quot;0&quot;,&quot;copyright&quot;:&quot;&quot;,&quot;focal_length&quot;:&quot;0&quot;,&quot;iso&quot;:&quot;0&quot;,&quot;shutter_speed&quot;:&quot;0&quot;,&quot;title&quot;:&quot;&quot;,&quot;orientation&quot;:&quot;0&quot;}\" data-image-title=\"Boucherie dans les rues de la m\u00e9dina d&amp;rsquo;Essaouira, Maroc\" data-image-description=\"&lt;p&gt;Boucherie dans les rues de la m\u00e9dina d&amp;rsquo;Essaouira, Maroc &#8211; 2016&lt;\/p&gt;\n\" data-image-caption=\"&lt;p&gt;Boucherie dans les rues de la m\u00e9dina d&amp;rsquo;Essaouira&lt;\/p&gt;\n\" data-medium-file=\"https:\/\/www.senteurs-et-couleurs-du-souk.fr\/blog\/wp-content\/uploads\/2016\/05\/scene-de-rue-boucherie-essaouira-300x200.jpg\" data-large-file=\"https:\/\/www.senteurs-et-couleurs-du-souk.fr\/blog\/wp-content\/uploads\/2016\/05\/scene-de-rue-boucherie-essaouira.jpg\" \/><\/a>\n\t\t\t<\/div>\n\t\t\t\t<figcaption class='wp-caption-text gallery-caption' id='gallery-1-399'>\n\t\t\t\tBoucherie dans les rues de la m\u00e9dina d&rsquo;Essaouira\n\t\t\t\t<\/figcaption><\/figure><figure class='gallery-item'>\n\t\t\t<div class='gallery-icon portrait'>\n\t\t\t\t<a href='https:\/\/www.senteurs-et-couleurs-du-souk.fr\/blog\/wp-content\/uploads\/2016\/05\/porte-medina-essaouira.jpg'><img loading=\"lazy\" decoding=\"async\" width=\"200\" height=\"300\" src=\"https:\/\/www.senteurs-et-couleurs-du-souk.fr\/blog\/wp-content\/uploads\/2016\/05\/porte-medina-essaouira-200x300.jpg\" class=\"attachment-medium size-medium\" alt=\"Porte d\u00e9cor\u00e9e dans les rues de la m\u00e9dina d&#039;Essaouira, Maroc - 2016\" aria-describedby=\"gallery-1-396\" srcset=\"https:\/\/www.senteurs-et-couleurs-du-souk.fr\/blog\/wp-content\/uploads\/2016\/05\/porte-medina-essaouira-200x300.jpg 200w, https:\/\/www.senteurs-et-couleurs-du-souk.fr\/blog\/wp-content\/uploads\/2016\/05\/porte-medina-essaouira.jpg 356w\" sizes=\"(max-width: 200px) 100vw, 200px\" data-attachment-id=\"396\" data-permalink=\"https:\/\/www.senteurs-et-couleurs-du-souk.fr\/blog\/la-medina-essaouira\/porte-medina-essaouira\/\" data-orig-file=\"https:\/\/www.senteurs-et-couleurs-du-souk.fr\/blog\/wp-content\/uploads\/2016\/05\/porte-medina-essaouira.jpg\" data-orig-size=\"356,533\" data-comments-opened=\"1\" data-image-meta=\"{&quot;aperture&quot;:&quot;0&quot;,&quot;credit&quot;:&quot;&quot;,&quot;camera&quot;:&quot;&quot;,&quot;caption&quot;:&quot;&quot;,&quot;created_timestamp&quot;:&quot;0&quot;,&quot;copyright&quot;:&quot;&quot;,&quot;focal_length&quot;:&quot;0&quot;,&quot;iso&quot;:&quot;0&quot;,&quot;shutter_speed&quot;:&quot;0&quot;,&quot;title&quot;:&quot;&quot;,&quot;orientation&quot;:&quot;0&quot;}\" data-image-title=\"Porte d\u00e9cor\u00e9e dans les rues de la m\u00e9dina d&amp;rsquo;Essaouira, Maroc\" data-image-description=\"&lt;p&gt;Porte d\u00e9cor\u00e9e dans les rues de la m\u00e9dina d&amp;rsquo;Essaouira, Maroc &#8211; 2016&lt;\/p&gt;\n\" data-image-caption=\"&lt;p&gt;Porte d\u00e9cor\u00e9e dans les rues d&amp;rsquo;Essaouira&lt;\/p&gt;\n\" data-medium-file=\"https:\/\/www.senteurs-et-couleurs-du-souk.fr\/blog\/wp-content\/uploads\/2016\/05\/porte-medina-essaouira-200x300.jpg\" data-large-file=\"https:\/\/www.senteurs-et-couleurs-du-souk.fr\/blog\/wp-content\/uploads\/2016\/05\/porte-medina-essaouira.jpg\" \/><\/a>\n\t\t\t<\/div>\n\t\t\t\t<figcaption class='wp-caption-text gallery-caption' id='gallery-1-396'>\n\t\t\t\tPorte d\u00e9cor\u00e9e dans les rues d&rsquo;Essaouira\n\t\t\t\t<\/figcaption><\/figure><figure class='gallery-item'>\n\t\t\t<div class='gallery-icon portrait'>\n\t\t\t\t<a href='https:\/\/www.senteurs-et-couleurs-du-souk.fr\/blog\/wp-content\/uploads\/2016\/05\/boutiques-de-vannerie-essaouira.jpg'><img loading=\"lazy\" decoding=\"async\" width=\"200\" height=\"300\" src=\"https:\/\/www.senteurs-et-couleurs-du-souk.fr\/blog\/wp-content\/uploads\/2016\/05\/boutiques-de-vannerie-essaouira-200x300.jpg\" class=\"attachment-medium size-medium\" alt=\"Boutiques de vannerie, Essaouira, Maroc - 2016\" aria-describedby=\"gallery-1-389\" srcset=\"https:\/\/www.senteurs-et-couleurs-du-souk.fr\/blog\/wp-content\/uploads\/2016\/05\/boutiques-de-vannerie-essaouira-200x300.jpg 200w, https:\/\/www.senteurs-et-couleurs-du-souk.fr\/blog\/wp-content\/uploads\/2016\/05\/boutiques-de-vannerie-essaouira.jpg 356w\" sizes=\"(max-width: 200px) 100vw, 200px\" data-attachment-id=\"389\" data-permalink=\"https:\/\/www.senteurs-et-couleurs-du-souk.fr\/blog\/la-medina-essaouira\/boutiques-de-vannerie-essaouira\/\" data-orig-file=\"https:\/\/www.senteurs-et-couleurs-du-souk.fr\/blog\/wp-content\/uploads\/2016\/05\/boutiques-de-vannerie-essaouira.jpg\" data-orig-size=\"356,533\" data-comments-opened=\"1\" data-image-meta=\"{&quot;aperture&quot;:&quot;0&quot;,&quot;credit&quot;:&quot;&quot;,&quot;camera&quot;:&quot;&quot;,&quot;caption&quot;:&quot;&quot;,&quot;created_timestamp&quot;:&quot;0&quot;,&quot;copyright&quot;:&quot;&quot;,&quot;focal_length&quot;:&quot;0&quot;,&quot;iso&quot;:&quot;0&quot;,&quot;shutter_speed&quot;:&quot;0&quot;,&quot;title&quot;:&quot;&quot;,&quot;orientation&quot;:&quot;0&quot;}\" data-image-title=\"Boutiques de vannerie, Essaouira, Maroc\" data-image-description=\"&lt;p&gt;Boutiques de vannerie, Essaouira, Maroc &#8211; 2016&lt;\/p&gt;\n\" data-image-caption=\"&lt;p&gt;Boutiques de vannerie, Essaouira&lt;\/p&gt;\n\" data-medium-file=\"https:\/\/www.senteurs-et-couleurs-du-souk.fr\/blog\/wp-content\/uploads\/2016\/05\/boutiques-de-vannerie-essaouira-200x300.jpg\" data-large-file=\"https:\/\/www.senteurs-et-couleurs-du-souk.fr\/blog\/wp-content\/uploads\/2016\/05\/boutiques-de-vannerie-essaouira.jpg\" \/><\/a>\n\t\t\t<\/div>\n\t\t\t\t<figcaption class='wp-caption-text gallery-caption' id='gallery-1-389'>\n\t\t\t\tBoutiques de vannerie, Essaouira\n\t\t\t\t<\/figcaption><\/figure><figure class='gallery-item'>\n\t\t\t<div class='gallery-icon landscape'>\n\t\t\t\t<a href='https:\/\/www.senteurs-et-couleurs-du-souk.fr\/blog\/wp-content\/uploads\/2016\/05\/motifs-gravures-essaouira.jpg'><img loading=\"lazy\" decoding=\"async\" width=\"300\" height=\"200\" src=\"https:\/\/www.senteurs-et-couleurs-du-souk.fr\/blog\/wp-content\/uploads\/2016\/05\/motifs-gravures-essaouira-300x200.jpg\" class=\"attachment-medium size-medium\" alt=\"Gravures de motifs traditionnels et moins traditionnels sur des carreaux de terre cuite, Essaouira, Maroc - 2016\" aria-describedby=\"gallery-1-393\" srcset=\"https:\/\/www.senteurs-et-couleurs-du-souk.fr\/blog\/wp-content\/uploads\/2016\/05\/motifs-gravures-essaouira-300x200.jpg 300w, https:\/\/www.senteurs-et-couleurs-du-souk.fr\/blog\/wp-content\/uploads\/2016\/05\/motifs-gravures-essaouira-768x512.jpg 768w, https:\/\/www.senteurs-et-couleurs-du-souk.fr\/blog\/wp-content\/uploads\/2016\/05\/motifs-gravures-essaouira.jpg 800w\" sizes=\"(max-width: 300px) 100vw, 300px\" data-attachment-id=\"393\" data-permalink=\"https:\/\/www.senteurs-et-couleurs-du-souk.fr\/blog\/la-medina-essaouira\/motifs-gravures-essaouira\/\" data-orig-file=\"https:\/\/www.senteurs-et-couleurs-du-souk.fr\/blog\/wp-content\/uploads\/2016\/05\/motifs-gravures-essaouira.jpg\" data-orig-size=\"800,533\" data-comments-opened=\"1\" data-image-meta=\"{&quot;aperture&quot;:&quot;0&quot;,&quot;credit&quot;:&quot;&quot;,&quot;camera&quot;:&quot;&quot;,&quot;caption&quot;:&quot;&quot;,&quot;created_timestamp&quot;:&quot;0&quot;,&quot;copyright&quot;:&quot;&quot;,&quot;focal_length&quot;:&quot;0&quot;,&quot;iso&quot;:&quot;0&quot;,&quot;shutter_speed&quot;:&quot;0&quot;,&quot;title&quot;:&quot;&quot;,&quot;orientation&quot;:&quot;0&quot;}\" data-image-title=\"Gravures de motifs traditionnels et moins traditionnels sur des carreaux de terre cuite, Essaouira, Maroc\" data-image-description=\"&lt;p&gt;Gravures de motifs traditionnels et moins traditionnels sur des carreaux de terre cuite, Essaouira, Maroc &#8211; 2016 &lt;\/p&gt;\n\" data-image-caption=\"&lt;p&gt;Gravures de motifs traditionnels et moins traditionnels sur des carreaux de terre cuite, Essaouira&lt;\/p&gt;\n\" data-medium-file=\"https:\/\/www.senteurs-et-couleurs-du-souk.fr\/blog\/wp-content\/uploads\/2016\/05\/motifs-gravures-essaouira-300x200.jpg\" data-large-file=\"https:\/\/www.senteurs-et-couleurs-du-souk.fr\/blog\/wp-content\/uploads\/2016\/05\/motifs-gravures-essaouira.jpg\" \/><\/a>\n\t\t\t<\/div>\n\t\t\t\t<figcaption class='wp-caption-text gallery-caption' id='gallery-1-393'>\n\t\t\t\tGravures de motifs traditionnels et moins traditionnels sur des carreaux de terre cuite, Essaouira\n\t\t\t\t<\/figcaption><\/figure><figure class='gallery-item'>\n\t\t\t<div class='gallery-icon landscape'>\n\t\t\t\t<a href='https:\/\/www.senteurs-et-couleurs-du-souk.fr\/blog\/wp-content\/uploads\/2016\/05\/porte-de-la-medina-essaouira.jpg'><img loading=\"lazy\" decoding=\"async\" width=\"300\" height=\"200\" src=\"https:\/\/www.senteurs-et-couleurs-du-souk.fr\/blog\/wp-content\/uploads\/2016\/05\/porte-de-la-medina-essaouira-300x200.jpg\" class=\"attachment-medium size-medium\" alt=\"Une des anciennes portes de la m\u00e9dina d&#039;Essaouira, Maroc - 2016\" aria-describedby=\"gallery-1-395\" srcset=\"https:\/\/www.senteurs-et-couleurs-du-souk.fr\/blog\/wp-content\/uploads\/2016\/05\/porte-de-la-medina-essaouira-300x200.jpg 300w, https:\/\/www.senteurs-et-couleurs-du-souk.fr\/blog\/wp-content\/uploads\/2016\/05\/porte-de-la-medina-essaouira-768x512.jpg 768w, https:\/\/www.senteurs-et-couleurs-du-souk.fr\/blog\/wp-content\/uploads\/2016\/05\/porte-de-la-medina-essaouira.jpg 800w\" sizes=\"(max-width: 300px) 100vw, 300px\" data-attachment-id=\"395\" data-permalink=\"https:\/\/www.senteurs-et-couleurs-du-souk.fr\/blog\/la-medina-essaouira\/porte-de-la-medina-essaouira\/\" data-orig-file=\"https:\/\/www.senteurs-et-couleurs-du-souk.fr\/blog\/wp-content\/uploads\/2016\/05\/porte-de-la-medina-essaouira.jpg\" data-orig-size=\"800,533\" data-comments-opened=\"1\" data-image-meta=\"{&quot;aperture&quot;:&quot;0&quot;,&quot;credit&quot;:&quot;&quot;,&quot;camera&quot;:&quot;&quot;,&quot;caption&quot;:&quot;&quot;,&quot;created_timestamp&quot;:&quot;0&quot;,&quot;copyright&quot;:&quot;&quot;,&quot;focal_length&quot;:&quot;0&quot;,&quot;iso&quot;:&quot;0&quot;,&quot;shutter_speed&quot;:&quot;0&quot;,&quot;title&quot;:&quot;&quot;,&quot;orientation&quot;:&quot;0&quot;}\" data-image-title=\"Une des anciennes portes de la m\u00e9dina d&amp;rsquo;Essaouira, Maroc\" data-image-description=\"&lt;p&gt;Une des anciennes portes de la m\u00e9dina d&amp;rsquo;Essaouira, Maroc &#8211; 2016&lt;\/p&gt;\n\" data-image-caption=\"&lt;p&gt;Une des anciennes portes de la m\u00e9dina d&amp;rsquo;Essaouira&lt;\/p&gt;\n\" data-medium-file=\"https:\/\/www.senteurs-et-couleurs-du-souk.fr\/blog\/wp-content\/uploads\/2016\/05\/porte-de-la-medina-essaouira-300x200.jpg\" data-large-file=\"https:\/\/www.senteurs-et-couleurs-du-souk.fr\/blog\/wp-content\/uploads\/2016\/05\/porte-de-la-medina-essaouira.jpg\" \/><\/a>\n\t\t\t<\/div>\n\t\t\t\t<figcaption class='wp-caption-text gallery-caption' id='gallery-1-395'>\n\t\t\t\tUne des anciennes portes de la m\u00e9dina d&rsquo;Essaouira\n\t\t\t\t<\/figcaption><\/figure><figure class='gallery-item'>\n\t\t\t<div class='gallery-icon portrait'>\n\t\t\t\t<a href='https:\/\/www.senteurs-et-couleurs-du-souk.fr\/blog\/wp-content\/uploads\/2016\/05\/porte-traditionnelle-essaouira.jpg'><img loading=\"lazy\" decoding=\"async\" width=\"200\" height=\"300\" src=\"https:\/\/www.senteurs-et-couleurs-du-souk.fr\/blog\/wp-content\/uploads\/2016\/05\/porte-traditionnelle-essaouira-200x300.jpg\" class=\"attachment-medium size-medium\" alt=\"Porte traditionnelle dans les rues d&#039;Essaouira, Maroc - 2016\" aria-describedby=\"gallery-1-397\" srcset=\"https:\/\/www.senteurs-et-couleurs-du-souk.fr\/blog\/wp-content\/uploads\/2016\/05\/porte-traditionnelle-essaouira-200x300.jpg 200w, https:\/\/www.senteurs-et-couleurs-du-souk.fr\/blog\/wp-content\/uploads\/2016\/05\/porte-traditionnelle-essaouira.jpg 356w\" sizes=\"(max-width: 200px) 100vw, 200px\" data-attachment-id=\"397\" data-permalink=\"https:\/\/www.senteurs-et-couleurs-du-souk.fr\/blog\/la-medina-essaouira\/porte-traditionnelle-essaouira\/\" data-orig-file=\"https:\/\/www.senteurs-et-couleurs-du-souk.fr\/blog\/wp-content\/uploads\/2016\/05\/porte-traditionnelle-essaouira.jpg\" data-orig-size=\"356,533\" data-comments-opened=\"1\" data-image-meta=\"{&quot;aperture&quot;:&quot;0&quot;,&quot;credit&quot;:&quot;&quot;,&quot;camera&quot;:&quot;&quot;,&quot;caption&quot;:&quot;&quot;,&quot;created_timestamp&quot;:&quot;0&quot;,&quot;copyright&quot;:&quot;&quot;,&quot;focal_length&quot;:&quot;0&quot;,&quot;iso&quot;:&quot;0&quot;,&quot;shutter_speed&quot;:&quot;0&quot;,&quot;title&quot;:&quot;&quot;,&quot;orientation&quot;:&quot;0&quot;}\" data-image-title=\"Porte traditionnelle dans les rues d&amp;rsquo;Essaouira, Maroc\" data-image-description=\"&lt;p&gt;Porte traditionnelle dans les rues d&amp;rsquo;Essaouira, Maroc &#8211; 2016&lt;\/p&gt;\n\" data-image-caption=\"&lt;p&gt;Porte traditionnelle dans les rues d&amp;rsquo;Essaouira&lt;\/p&gt;\n\" data-medium-file=\"https:\/\/www.senteurs-et-couleurs-du-souk.fr\/blog\/wp-content\/uploads\/2016\/05\/porte-traditionnelle-essaouira-200x300.jpg\" data-large-file=\"https:\/\/www.senteurs-et-couleurs-du-souk.fr\/blog\/wp-content\/uploads\/2016\/05\/porte-traditionnelle-essaouira.jpg\" \/><\/a>\n\t\t\t<\/div>\n\t\t\t\t<figcaption class='wp-caption-text gallery-caption' id='gallery-1-397'>\n\t\t\t\tPorte traditionnelle dans les rues d&rsquo;Essaouira\n\t\t\t\t<\/figcaption><\/figure><figure class='gallery-item'>\n\t\t\t<div class='gallery-icon landscape'>\n\t\t\t\t<a href='https:\/\/www.senteurs-et-couleurs-du-souk.fr\/blog\/wp-content\/uploads\/2016\/05\/vendeur-ambulant-pain-essaouira.jpg'><img loading=\"lazy\" decoding=\"async\" width=\"300\" height=\"200\" src=\"https:\/\/www.senteurs-et-couleurs-du-souk.fr\/blog\/wp-content\/uploads\/2016\/05\/vendeur-ambulant-pain-essaouira-300x200.jpg\" class=\"attachment-medium size-medium\" alt=\"Vendeur ambulant de pain dans les rues d&#039;Essaouira, Maroc - 2016\" aria-describedby=\"gallery-1-406\" srcset=\"https:\/\/www.senteurs-et-couleurs-du-souk.fr\/blog\/wp-content\/uploads\/2016\/05\/vendeur-ambulant-pain-essaouira-300x200.jpg 300w, https:\/\/www.senteurs-et-couleurs-du-souk.fr\/blog\/wp-content\/uploads\/2016\/05\/vendeur-ambulant-pain-essaouira-768x512.jpg 768w, https:\/\/www.senteurs-et-couleurs-du-souk.fr\/blog\/wp-content\/uploads\/2016\/05\/vendeur-ambulant-pain-essaouira.jpg 800w\" sizes=\"(max-width: 300px) 100vw, 300px\" data-attachment-id=\"406\" data-permalink=\"https:\/\/www.senteurs-et-couleurs-du-souk.fr\/blog\/la-medina-essaouira\/vendeur-ambulant-pain-essaouira\/\" data-orig-file=\"https:\/\/www.senteurs-et-couleurs-du-souk.fr\/blog\/wp-content\/uploads\/2016\/05\/vendeur-ambulant-pain-essaouira.jpg\" data-orig-size=\"800,533\" data-comments-opened=\"1\" data-image-meta=\"{&quot;aperture&quot;:&quot;0&quot;,&quot;credit&quot;:&quot;&quot;,&quot;camera&quot;:&quot;&quot;,&quot;caption&quot;:&quot;&quot;,&quot;created_timestamp&quot;:&quot;0&quot;,&quot;copyright&quot;:&quot;&quot;,&quot;focal_length&quot;:&quot;0&quot;,&quot;iso&quot;:&quot;0&quot;,&quot;shutter_speed&quot;:&quot;0&quot;,&quot;title&quot;:&quot;&quot;,&quot;orientation&quot;:&quot;0&quot;}\" data-image-title=\"Vendeur ambulant de pain dans les rues d&amp;rsquo;Essaouira, Maroc\" data-image-description=\"&lt;p&gt;Vendeur ambulant de pain dans les rues d&amp;rsquo;Essaouira, Maroc &#8211; 2016&lt;\/p&gt;\n\" data-image-caption=\"&lt;p&gt;Vendeur ambulant de pain dans les rues d&amp;rsquo;Essaouira&lt;\/p&gt;\n\" data-medium-file=\"https:\/\/www.senteurs-et-couleurs-du-souk.fr\/blog\/wp-content\/uploads\/2016\/05\/vendeur-ambulant-pain-essaouira-300x200.jpg\" data-large-file=\"https:\/\/www.senteurs-et-couleurs-du-souk.fr\/blog\/wp-content\/uploads\/2016\/05\/vendeur-ambulant-pain-essaouira.jpg\" \/><\/a>\n\t\t\t<\/div>\n\t\t\t\t<figcaption class='wp-caption-text gallery-caption' id='gallery-1-406'>\n\t\t\t\tVendeur ambulant de pain dans les rues d&rsquo;Essaouira\n\t\t\t\t<\/figcaption><\/figure><figure class='gallery-item'>\n\t\t\t<div class='gallery-icon landscape'>\n\t\t\t\t<a href='https:\/\/www.senteurs-et-couleurs-du-souk.fr\/blog\/wp-content\/uploads\/2016\/05\/boutique-olives-medina-essaouira.jpg'><img loading=\"lazy\" decoding=\"async\" width=\"300\" height=\"200\" src=\"https:\/\/www.senteurs-et-couleurs-du-souk.fr\/blog\/wp-content\/uploads\/2016\/05\/boutique-olives-medina-essaouira-300x200.jpg\" class=\"attachment-medium size-medium\" alt=\"Olives vertes, noires, roses, choisissez votre couleur ! Essaouira, Maroc- 2016\" aria-describedby=\"gallery-1-388\" srcset=\"https:\/\/www.senteurs-et-couleurs-du-souk.fr\/blog\/wp-content\/uploads\/2016\/05\/boutique-olives-medina-essaouira-300x200.jpg 300w, https:\/\/www.senteurs-et-couleurs-du-souk.fr\/blog\/wp-content\/uploads\/2016\/05\/boutique-olives-medina-essaouira-768x512.jpg 768w, https:\/\/www.senteurs-et-couleurs-du-souk.fr\/blog\/wp-content\/uploads\/2016\/05\/boutique-olives-medina-essaouira.jpg 800w\" sizes=\"(max-width: 300px) 100vw, 300px\" data-attachment-id=\"388\" data-permalink=\"https:\/\/www.senteurs-et-couleurs-du-souk.fr\/blog\/la-medina-essaouira\/boutique-olives-medina-essaouira\/\" data-orig-file=\"https:\/\/www.senteurs-et-couleurs-du-souk.fr\/blog\/wp-content\/uploads\/2016\/05\/boutique-olives-medina-essaouira.jpg\" data-orig-size=\"800,533\" data-comments-opened=\"1\" data-image-meta=\"{&quot;aperture&quot;:&quot;0&quot;,&quot;credit&quot;:&quot;&quot;,&quot;camera&quot;:&quot;&quot;,&quot;caption&quot;:&quot;&quot;,&quot;created_timestamp&quot;:&quot;0&quot;,&quot;copyright&quot;:&quot;&quot;,&quot;focal_length&quot;:&quot;0&quot;,&quot;iso&quot;:&quot;0&quot;,&quot;shutter_speed&quot;:&quot;0&quot;,&quot;title&quot;:&quot;&quot;,&quot;orientation&quot;:&quot;0&quot;}\" data-image-title=\"Olives vertes, noires, roses, choisissez votre couleur ! Essaouira, Maroc\" data-image-description=\"&lt;p&gt;Olives vertes, noires, roses, choisissez votre couleur ! Essaouira, Maroc- 2016&lt;\/p&gt;\n\" data-image-caption=\"&lt;p&gt;Olives vertes, noires, roses, choisissez votre couleur ! Essaouira&lt;\/p&gt;\n\" data-medium-file=\"https:\/\/www.senteurs-et-couleurs-du-souk.fr\/blog\/wp-content\/uploads\/2016\/05\/boutique-olives-medina-essaouira-300x200.jpg\" data-large-file=\"https:\/\/www.senteurs-et-couleurs-du-souk.fr\/blog\/wp-content\/uploads\/2016\/05\/boutique-olives-medina-essaouira.jpg\" \/><\/a>\n\t\t\t<\/div>\n\t\t\t\t<figcaption class='wp-caption-text gallery-caption' id='gallery-1-388'>\n\t\t\t\tOlives vertes, noires, roses, choisissez votre couleur ! Essaouira\n\t\t\t\t<\/figcaption><\/figure><figure class='gallery-item'>\n\t\t\t<div class='gallery-icon landscape'>\n\t\t\t\t<a href='https:\/\/www.senteurs-et-couleurs-du-souk.fr\/blog\/wp-content\/uploads\/2016\/05\/coucher-de-soleil-essaouira.jpg'><img loading=\"lazy\" decoding=\"async\" width=\"300\" height=\"200\" src=\"https:\/\/www.senteurs-et-couleurs-du-souk.fr\/blog\/wp-content\/uploads\/2016\/05\/coucher-de-soleil-essaouira-300x200.jpg\" class=\"attachment-medium size-medium\" alt=\"Coucher de soleil sur Essaouira, Maroc - 2016\" aria-describedby=\"gallery-1-390\" srcset=\"https:\/\/www.senteurs-et-couleurs-du-souk.fr\/blog\/wp-content\/uploads\/2016\/05\/coucher-de-soleil-essaouira-300x200.jpg 300w, https:\/\/www.senteurs-et-couleurs-du-souk.fr\/blog\/wp-content\/uploads\/2016\/05\/coucher-de-soleil-essaouira-768x512.jpg 768w, https:\/\/www.senteurs-et-couleurs-du-souk.fr\/blog\/wp-content\/uploads\/2016\/05\/coucher-de-soleil-essaouira.jpg 800w\" sizes=\"(max-width: 300px) 100vw, 300px\" data-attachment-id=\"390\" data-permalink=\"https:\/\/www.senteurs-et-couleurs-du-souk.fr\/blog\/la-medina-essaouira\/coucher-de-soleil-essaouira\/\" data-orig-file=\"https:\/\/www.senteurs-et-couleurs-du-souk.fr\/blog\/wp-content\/uploads\/2016\/05\/coucher-de-soleil-essaouira.jpg\" data-orig-size=\"800,533\" data-comments-opened=\"1\" data-image-meta=\"{&quot;aperture&quot;:&quot;0&quot;,&quot;credit&quot;:&quot;&quot;,&quot;camera&quot;:&quot;&quot;,&quot;caption&quot;:&quot;&quot;,&quot;created_timestamp&quot;:&quot;0&quot;,&quot;copyright&quot;:&quot;&quot;,&quot;focal_length&quot;:&quot;0&quot;,&quot;iso&quot;:&quot;0&quot;,&quot;shutter_speed&quot;:&quot;0&quot;,&quot;title&quot;:&quot;&quot;,&quot;orientation&quot;:&quot;0&quot;}\" data-image-title=\"Coucher de soleil sur Essaouira, Maroc\" data-image-description=\"&lt;p&gt;Coucher de soleil sur Essaouira, Maroc &#8211; 2016&lt;\/p&gt;\n\" data-image-caption=\"&lt;p&gt;Coucher de soleil sur Essaouira&lt;\/p&gt;\n\" data-medium-file=\"https:\/\/www.senteurs-et-couleurs-du-souk.fr\/blog\/wp-content\/uploads\/2016\/05\/coucher-de-soleil-essaouira-300x200.jpg\" data-large-file=\"https:\/\/www.senteurs-et-couleurs-du-souk.fr\/blog\/wp-content\/uploads\/2016\/05\/coucher-de-soleil-essaouira.jpg\" \/><\/a>\n\t\t\t<\/div>\n\t\t\t\t<figcaption class='wp-caption-text gallery-caption' id='gallery-1-390'>\n\t\t\t\tCoucher de soleil sur Essaouira\n\t\t\t\t<\/figcaption><\/figure>\n\t\t<\/div>\n\n<h3>Pour faire durer le voyage, retrouvez notre s\u00e9lection d&rsquo;huiles cosm\u00e9tiques bio et naturelles produites au Maroc<\/h3>\n<figure id=\"attachment_590\" aria-describedby=\"caption-attachment-590\" style=\"width: 300px\" class=\"wp-caption alignnone\"><a href=\"https:\/\/www.senteurs-et-couleurs-du-souk.fr\/maroc-huiles-cosmetiques-bio-et-artisanat\/figue-de-barbarie\/huile-bio-de-graines-de-figue-de-barbarie-15-ml\"><img loading=\"lazy\" decoding=\"async\" data-attachment-id=\"590\" data-permalink=\"https:\/\/www.senteurs-et-couleurs-du-souk.fr\/blog\/la-medina-essaouira\/huile-graines-figue-barbarie-bio-15ml-presentation\/\" data-orig-file=\"https:\/\/www.senteurs-et-couleurs-du-souk.fr\/blog\/wp-content\/uploads\/2017\/10\/huile-graines-figue-barbarie-bio-15ml-presentation.jpg\" data-orig-size=\"800,800\" data-comments-opened=\"1\" data-image-meta=\"{&quot;aperture&quot;:&quot;0&quot;,&quot;credit&quot;:&quot;&quot;,&quot;camera&quot;:&quot;&quot;,&quot;caption&quot;:&quot;&quot;,&quot;created_timestamp&quot;:&quot;0&quot;,&quot;copyright&quot;:&quot;&quot;,&quot;focal_length&quot;:&quot;0&quot;,&quot;iso&quot;:&quot;0&quot;,&quot;shutter_speed&quot;:&quot;0&quot;,&quot;title&quot;:&quot;&quot;,&quot;orientation&quot;:&quot;0&quot;}\" data-image-title=\"Huile de figue de Barbarie bio 15 ml\" data-image-description=\"\" data-image-caption=\"&lt;p&gt;Huile de graines de figue de Barbarie bio, flacon goutteur ambr\u00e9 15 ml&lt;\/p&gt;\n\" data-medium-file=\"https:\/\/www.senteurs-et-couleurs-du-souk.fr\/blog\/wp-content\/uploads\/2017\/10\/huile-graines-figue-barbarie-bio-15ml-presentation-300x300.jpg\" data-large-file=\"https:\/\/www.senteurs-et-couleurs-du-souk.fr\/blog\/wp-content\/uploads\/2017\/10\/huile-graines-figue-barbarie-bio-15ml-presentation.jpg\" class=\"wp-image-590 size-medium\" src=\"https:\/\/www.senteurs-et-couleurs-du-souk.fr\/blog\/wp-content\/uploads\/2017\/10\/huile-graines-figue-barbarie-bio-15ml-presentation-300x300.jpg\" alt=\"Huile de graines de figue de Barbarie bio, flacon goutteur ambr\u00e9 15 ml\" width=\"300\" height=\"300\" srcset=\"https:\/\/www.senteurs-et-couleurs-du-souk.fr\/blog\/wp-content\/uploads\/2017\/10\/huile-graines-figue-barbarie-bio-15ml-presentation-300x300.jpg 300w, https:\/\/www.senteurs-et-couleurs-du-souk.fr\/blog\/wp-content\/uploads\/2017\/10\/huile-graines-figue-barbarie-bio-15ml-presentation-150x150.jpg 150w, https:\/\/www.senteurs-et-couleurs-du-souk.fr\/blog\/wp-content\/uploads\/2017\/10\/huile-graines-figue-barbarie-bio-15ml-presentation-768x768.jpg 768w, https:\/\/www.senteurs-et-couleurs-du-souk.fr\/blog\/wp-content\/uploads\/2017\/10\/huile-graines-figue-barbarie-bio-15ml-presentation.jpg 800w\" sizes=\"(max-width: 300px) 100vw, 300px\" \/><\/a><figcaption id=\"caption-attachment-590\" class=\"wp-caption-text\">Huile de graines de figue de Barbarie bio, flacon goutteur ambr\u00e9 15 ml<\/figcaption><\/figure>\n<figure id=\"attachment_586\" aria-describedby=\"caption-attachment-586\" style=\"width: 300px\" class=\"wp-caption alignnone\"><a href=\"https:\/\/www.senteurs-et-couleurs-du-souk.fr\/huile-argan-bio\"><img loading=\"lazy\" decoding=\"async\" data-attachment-id=\"586\" data-permalink=\"https:\/\/www.senteurs-et-couleurs-du-souk.fr\/blog\/la-medina-essaouira\/argan-50ml-vapo-targanine\/\" data-orig-file=\"https:\/\/www.senteurs-et-couleurs-du-souk.fr\/blog\/wp-content\/uploads\/2017\/10\/argan-50ml-vapo-targanine.jpg\" data-orig-size=\"800,800\" data-comments-opened=\"1\" data-image-meta=\"{&quot;aperture&quot;:&quot;0&quot;,&quot;credit&quot;:&quot;&quot;,&quot;camera&quot;:&quot;&quot;,&quot;caption&quot;:&quot;&quot;,&quot;created_timestamp&quot;:&quot;0&quot;,&quot;copyright&quot;:&quot;&quot;,&quot;focal_length&quot;:&quot;0&quot;,&quot;iso&quot;:&quot;0&quot;,&quot;shutter_speed&quot;:&quot;0&quot;,&quot;title&quot;:&quot;&quot;,&quot;orientation&quot;:&quot;0&quot;}\" data-image-title=\"Huile d\u2019argan Bio\" data-image-description=\"\" data-image-caption=\"&lt;p&gt;Huile d\u2019argan 100% bio flacon vapo 50 ml&lt;\/p&gt;\n\" data-medium-file=\"https:\/\/www.senteurs-et-couleurs-du-souk.fr\/blog\/wp-content\/uploads\/2017\/10\/argan-50ml-vapo-targanine-300x300.jpg\" data-large-file=\"https:\/\/www.senteurs-et-couleurs-du-souk.fr\/blog\/wp-content\/uploads\/2017\/10\/argan-50ml-vapo-targanine.jpg\" class=\"wp-image-586 size-medium\" src=\"https:\/\/www.senteurs-et-couleurs-du-souk.fr\/blog\/wp-content\/uploads\/2017\/10\/argan-50ml-vapo-targanine-300x300.jpg\" alt=\"Huile d\u2019argan 100% bio flacon vapo 50 ml\" width=\"300\" height=\"300\" srcset=\"https:\/\/www.senteurs-et-couleurs-du-souk.fr\/blog\/wp-content\/uploads\/2017\/10\/argan-50ml-vapo-targanine-300x300.jpg 300w, https:\/\/www.senteurs-et-couleurs-du-souk.fr\/blog\/wp-content\/uploads\/2017\/10\/argan-50ml-vapo-targanine-150x150.jpg 150w, https:\/\/www.senteurs-et-couleurs-du-souk.fr\/blog\/wp-content\/uploads\/2017\/10\/argan-50ml-vapo-targanine-768x768.jpg 768w, https:\/\/www.senteurs-et-couleurs-du-souk.fr\/blog\/wp-content\/uploads\/2017\/10\/argan-50ml-vapo-targanine.jpg 800w\" sizes=\"(max-width: 300px) 100vw, 300px\" \/><\/a><figcaption id=\"caption-attachment-586\" class=\"wp-caption-text\">Huile d\u2019argan 100% bio flacon vapo 50 ml<\/figcaption><\/figure>\n","protected":false},"excerpt":{"rendered":"<p>Une galerie photo de la m\u00e9dina d&rsquo;Essaouira, coeur historique de la ville : boutiques, \u00e9choppes, sc\u00e8nes de rue, ruelles et portes traditionnelles.<\/p>\n","protected":false},"author":1,"featured_media":388,"comment_status":"open","ping_status":"open","sticky":false,"template":"","format":"gallery","meta":{"jetpack_post_was_ever_published":false,"_jetpack_newsletter_access":"","_jetpack_dont_email_post_to_subs":false,"_jetpack_newsletter_tier_id":0,"_jetpack_memberships_contains_paywalled_content":false,"_jetpack_memberships_contains_paid_content":false,"footnotes":""},"categories":[1],"tags":[],"yoast_head":"<!-- This site is optimized with the Yoast SEO plugin v20.4 - https:\/\/yoast.com\/wordpress\/plugins\/seo\/ -->\n<title>La m\u00e9dina d&#039;Essaouira - Le blog Senteurs et Couleurs du Souk<\/title>\n<meta name=\"description\" content=\"Une galerie photo de la m\u00e9dina d&#039;Essaouira, coeur historique de la ville, :boutiques, \u00e9choppes, sc\u00e8nes de rue, ruelles et portes traditionnelles.\" \/>\n<meta name=\"robots\" content=\"index, follow, max-snippet:-1, max-image-preview:large, max-video-preview:-1\" \/>\n<link rel=\"canonical\" href=\"https:\/\/www.senteurs-et-couleurs-du-souk.fr\/blog\/la-medina-essaouira\/\" \/>\n<meta property=\"og:locale\" content=\"fr_FR\" \/>\n<meta property=\"og:type\" content=\"article\" \/>\n<meta property=\"og:title\" content=\"La m\u00e9dina d&#039;Essaouira - Le blog Senteurs et Couleurs du Souk\" \/>\n<meta property=\"og:description\" content=\"Une galerie photo de la m\u00e9dina d&#039;Essaouira, coeur historique de la ville, :boutiques, \u00e9choppes, sc\u00e8nes de rue, ruelles et portes traditionnelles.\" \/>\n<meta property=\"og:url\" content=\"https:\/\/www.senteurs-et-couleurs-du-souk.fr\/blog\/la-medina-essaouira\/\" \/>\n<meta property=\"og:site_name\" content=\"Le blog Senteurs et Couleurs du Souk\" \/>\n<meta property=\"article:published_time\" content=\"2016-05-08T21:13:55+00:00\" \/>\n<meta property=\"article:modified_time\" content=\"2018-04-01T12:27:11+00:00\" \/>\n<meta property=\"og:image\" content=\"https:\/\/i0.wp.com\/www.senteurs-et-couleurs-du-souk.fr\/blog\/wp-content\/uploads\/2016\/05\/boutique-olives-medina-essaouira.jpg?fit=800%2C533&ssl=1\" \/>\n\t<meta property=\"og:image:width\" content=\"800\" \/>\n\t<meta property=\"og:image:height\" content=\"533\" \/>\n\t<meta property=\"og:image:type\" content=\"image\/jpeg\" \/>\n<meta name=\"author\" content=\"Senteurs et Couleurs\" \/>\n<meta name=\"twitter:card\" content=\"summary_large_image\" \/>\n<meta name=\"twitter:label1\" content=\"\u00c9crit par\" \/>\n\t<meta name=\"twitter:data1\" content=\"Senteurs et Couleurs\" \/>\n<script type=\"application\/ld+json\" class=\"yoast-schema-graph\">{\"@context\":\"https:\/\/schema.org\",\"@graph\":[{\"@type\":\"WebPage\",\"@id\":\"https:\/\/www.senteurs-et-couleurs-du-souk.fr\/blog\/la-medina-essaouira\/\",\"url\":\"https:\/\/www.senteurs-et-couleurs-du-souk.fr\/blog\/la-medina-essaouira\/\",\"name\":\"La m\u00e9dina d'Essaouira - Le blog Senteurs et Couleurs du Souk\",\"isPartOf\":{\"@id\":\"https:\/\/www.senteurs-et-couleurs-du-souk.fr\/blog\/#website\"},\"datePublished\":\"2016-05-08T21:13:55+00:00\",\"dateModified\":\"2018-04-01T12:27:11+00:00\",\"author\":{\"@id\":\"https:\/\/www.senteurs-et-couleurs-du-souk.fr\/blog\/#\/schema\/person\/51bb7980febdf107417a5bbfdde67ced\"},\"description\":\"Une galerie photo de la m\u00e9dina d'Essaouira, coeur historique de la ville, :boutiques, \u00e9choppes, sc\u00e8nes de rue, ruelles et portes traditionnelles.\",\"breadcrumb\":{\"@id\":\"https:\/\/www.senteurs-et-couleurs-du-souk.fr\/blog\/la-medina-essaouira\/#breadcrumb\"},\"inLanguage\":\"fr-FR\",\"potentialAction\":[{\"@type\":\"ReadAction\",\"target\":[\"https:\/\/www.senteurs-et-couleurs-du-souk.fr\/blog\/la-medina-essaouira\/\"]}]},{\"@type\":\"BreadcrumbList\",\"@id\":\"https:\/\/www.senteurs-et-couleurs-du-souk.fr\/blog\/la-medina-essaouira\/#breadcrumb\",\"itemListElement\":[{\"@type\":\"ListItem\",\"position\":1,\"name\":\"Accueil\",\"item\":\"https:\/\/www.senteurs-et-couleurs-du-souk.fr\/blog\/\"},{\"@type\":\"ListItem\",\"position\":2,\"name\":\"La m\u00e9dina d&rsquo;Essaouira\"}]},{\"@type\":\"WebSite\",\"@id\":\"https:\/\/www.senteurs-et-couleurs-du-souk.fr\/blog\/#website\",\"url\":\"https:\/\/www.senteurs-et-couleurs-du-souk.fr\/blog\/\",\"name\":\"Le blog Senteurs et Couleurs du Souk\",\"description\":\"Artisanat du monde et cosm\u00e9tiques bio, Senteurs et Couleurs du Souk\",\"potentialAction\":[{\"@type\":\"SearchAction\",\"target\":{\"@type\":\"EntryPoint\",\"urlTemplate\":\"https:\/\/www.senteurs-et-couleurs-du-souk.fr\/blog\/?s={search_term_string}\"},\"query-input\":\"required name=search_term_string\"}],\"inLanguage\":\"fr-FR\"},{\"@type\":\"Person\",\"@id\":\"https:\/\/www.senteurs-et-couleurs-du-souk.fr\/blog\/#\/schema\/person\/51bb7980febdf107417a5bbfdde67ced\",\"name\":\"Senteurs et Couleurs\",\"image\":{\"@type\":\"ImageObject\",\"inLanguage\":\"fr-FR\",\"@id\":\"https:\/\/www.senteurs-et-couleurs-du-souk.fr\/blog\/#\/schema\/person\/image\/\",\"url\":\"https:\/\/secure.gravatar.com\/avatar\/cc255340b71a5cc926bf7dbdbf6979e6?s=96&d=mm&r=g\",\"contentUrl\":\"https:\/\/secure.gravatar.com\/avatar\/cc255340b71a5cc926bf7dbdbf6979e6?s=96&d=mm&r=g\",\"caption\":\"Senteurs et Couleurs\"},\"sameAs\":[\"https:\/\/www.senteurs-et-couleurs-du-souk.fr\"],\"url\":\"https:\/\/www.senteurs-et-couleurs-du-souk.fr\/blog\/author\/crisoukarno\/\"}]}<\/script>\n<!-- \/ Yoast SEO plugin. -->","yoast_head_json":{"title":"La m\u00e9dina d'Essaouira - Le blog Senteurs et Couleurs du Souk","description":"Une galerie photo de la m\u00e9dina d'Essaouira, coeur historique de la ville, :boutiques, \u00e9choppes, sc\u00e8nes de rue, ruelles et portes traditionnelles.","robots":{"index":"index","follow":"follow","max-snippet":"max-snippet:-1","max-image-preview":"max-image-preview:large","max-video-preview":"max-video-preview:-1"},"canonical":"https:\/\/www.senteurs-et-couleurs-du-souk.fr\/blog\/la-medina-essaouira\/","og_locale":"fr_FR","og_type":"article","og_title":"La m\u00e9dina d'Essaouira - Le blog Senteurs et Couleurs du Souk","og_description":"Une galerie photo de la m\u00e9dina d'Essaouira, coeur historique de la ville, :boutiques, \u00e9choppes, sc\u00e8nes de rue, ruelles et portes traditionnelles.","og_url":"https:\/\/www.senteurs-et-couleurs-du-souk.fr\/blog\/la-medina-essaouira\/","og_site_name":"Le blog Senteurs et Couleurs du Souk","article_published_time":"2016-05-08T21:13:55+00:00","article_modified_time":"2018-04-01T12:27:11+00:00","og_image":[{"width":800,"height":533,"url":"https:\/\/i0.wp.com\/www.senteurs-et-couleurs-du-souk.fr\/blog\/wp-content\/uploads\/2016\/05\/boutique-olives-medina-essaouira.jpg?fit=800%2C533&ssl=1","type":"image\/jpeg"}],"author":"Senteurs et Couleurs","twitter_card":"summary_large_image","twitter_misc":{"\u00c9crit par":"Senteurs et Couleurs"},"schema":{"@context":"https:\/\/schema.org","@graph":[{"@type":"WebPage","@id":"https:\/\/www.senteurs-et-couleurs-du-souk.fr\/blog\/la-medina-essaouira\/","url":"https:\/\/www.senteurs-et-couleurs-du-souk.fr\/blog\/la-medina-essaouira\/","name":"La m\u00e9dina d'Essaouira - Le blog Senteurs et Couleurs du Souk","isPartOf":{"@id":"https:\/\/www.senteurs-et-couleurs-du-souk.fr\/blog\/#website"},"datePublished":"2016-05-08T21:13:55+00:00","dateModified":"2018-04-01T12:27:11+00:00","author":{"@id":"https:\/\/www.senteurs-et-couleurs-du-souk.fr\/blog\/#\/schema\/person\/51bb7980febdf107417a5bbfdde67ced"},"description":"Une galerie photo de la m\u00e9dina d'Essaouira, coeur historique de la ville, :boutiques, \u00e9choppes, sc\u00e8nes de rue, ruelles et portes traditionnelles.","breadcrumb":{"@id":"https:\/\/www.senteurs-et-couleurs-du-souk.fr\/blog\/la-medina-essaouira\/#breadcrumb"},"inLanguage":"fr-FR","potentialAction":[{"@type":"ReadAction","target":["https:\/\/www.senteurs-et-couleurs-du-souk.fr\/blog\/la-medina-essaouira\/"]}]},{"@type":"BreadcrumbList","@id":"https:\/\/www.senteurs-et-couleurs-du-souk.fr\/blog\/la-medina-essaouira\/#breadcrumb","itemListElement":[{"@type":"ListItem","position":1,"name":"Accueil","item":"https:\/\/www.senteurs-et-couleurs-du-souk.fr\/blog\/"},{"@type":"ListItem","position":2,"name":"La m\u00e9dina d&rsquo;Essaouira"}]},{"@type":"WebSite","@id":"https:\/\/www.senteurs-et-couleurs-du-souk.fr\/blog\/#website","url":"https:\/\/www.senteurs-et-couleurs-du-souk.fr\/blog\/","name":"Le blog Senteurs et Couleurs du Souk","description":"Artisanat du monde et cosm\u00e9tiques bio, Senteurs et Couleurs du Souk","potentialAction":[{"@type":"SearchAction","target":{"@type":"EntryPoint","urlTemplate":"https:\/\/www.senteurs-et-couleurs-du-souk.fr\/blog\/?s={search_term_string}"},"query-input":"required name=search_term_string"}],"inLanguage":"fr-FR"},{"@type":"Person","@id":"https:\/\/www.senteurs-et-couleurs-du-souk.fr\/blog\/#\/schema\/person\/51bb7980febdf107417a5bbfdde67ced","name":"Senteurs et Couleurs","image":{"@type":"ImageObject","inLanguage":"fr-FR","@id":"https:\/\/www.senteurs-et-couleurs-du-souk.fr\/blog\/#\/schema\/person\/image\/","url":"https:\/\/secure.gravatar.com\/avatar\/cc255340b71a5cc926bf7dbdbf6979e6?s=96&d=mm&r=g","contentUrl":"https:\/\/secure.gravatar.com\/avatar\/cc255340b71a5cc926bf7dbdbf6979e6?s=96&d=mm&r=g","caption":"Senteurs et Couleurs"},"sameAs":["https:\/\/www.senteurs-et-couleurs-du-souk.fr"],"url":"https:\/\/www.senteurs-et-couleurs-du-souk.fr\/blog\/author\/crisoukarno\/"}]}},"jetpack_featured_media_url":"https:\/\/www.senteurs-et-couleurs-du-souk.fr\/blog\/wp-content\/uploads\/2016\/05\/boutique-olives-medina-essaouira.jpg","jetpack_sharing_enabled":true,"amp_enabled":true,"_links":{"self":[{"href":"https:\/\/www.senteurs-et-couleurs-du-souk.fr\/blog\/wp-json\/wp\/v2\/posts\/400"}],"collection":[{"href":"https:\/\/www.senteurs-et-couleurs-du-souk.fr\/blog\/wp-json\/wp\/v2\/posts"}],"about":[{"href":"https:\/\/www.senteurs-et-couleurs-du-souk.fr\/blog\/wp-json\/wp\/v2\/types\/post"}],"author":[{"embeddable":true,"href":"https:\/\/www.senteurs-et-couleurs-du-souk.fr\/blog\/wp-json\/wp\/v2\/users\/1"}],"replies":[{"embeddable":true,"href":"https:\/\/www.senteurs-et-couleurs-du-souk.fr\/blog\/wp-json\/wp\/v2\/comments?post=400"}],"version-history":[{"count":0,"href":"https:\/\/www.senteurs-et-couleurs-du-souk.fr\/blog\/wp-json\/wp\/v2\/posts\/400\/revisions"}],"wp:featuredmedia":[{"embeddable":true,"href":"https:\/\/www.senteurs-et-couleurs-du-souk.fr\/blog\/wp-json\/wp\/v2\/media\/388"}],"wp:attachment":[{"href":"https:\/\/www.senteurs-et-couleurs-du-souk.fr\/blog\/wp-json\/wp\/v2\/media?parent=400"}],"wp:term":[{"taxonomy":"category","embeddable":true,"href":"https:\/\/www.senteurs-et-couleurs-du-souk.fr\/blog\/wp-json\/wp\/v2\/categories?post=400"},{"taxonomy":"post_tag","embeddable":true,"href":"https:\/\/www.senteurs-et-couleurs-du-souk.fr\/blog\/wp-json\/wp\/v2\/tags?post=400"}],"curies":[{"name":"wp","href":"https:\/\/api.w.org\/{rel}","templated":true}]}}